{"id":319,"date":"2016-03-02T21:59:16","date_gmt":"2016-03-02T20:59:16","guid":{"rendered":"http:\/\/arimep.org\/?p=319"},"modified":"2017-03-18T12:43:59","modified_gmt":"2017-03-18T11:43:59","slug":"dumas-georges","status":"publish","type":"post","link":"https:\/\/arimep.org\/index.php\/2016\/03\/02\/dumas-georges\/","title":{"rendered":"DUMAS Georges"},"content":{"rendered":"<p><b><img data-recalc-dims=\"1\" loading=\"lazy\" decoding=\"async\" data-attachment-id=\"320\" data-permalink=\"https:\/\/arimep.org\/index.php\/2016\/03\/02\/dumas-georges\/dumas\/\" data-orig-file=\"https:\/\/i0.wp.com\/arimep.org\/wp-content\/uploads\/2016\/03\/dumas.jpg?fit=538%2C764&amp;ssl=1\" data-orig-size=\"538,764\" data-comments-opened=\"1\" data-image-meta=\"{&quot;aperture&quot;:&quot;0&quot;,&quot;credit&quot;:&quot;&quot;,&quot;camera&quot;:&quot;&quot;,&quot;caption&quot;:&quot;&quot;,&quot;created_timestamp&quot;:&quot;0&quot;,&quot;copyright&quot;:&quot;&quot;,&quot;focal_length&quot;:&quot;0&quot;,&quot;iso&quot;:&quot;0&quot;,&quot;shutter_speed&quot;:&quot;0&quot;,&quot;title&quot;:&quot;&quot;,&quot;orientation&quot;:&quot;1&quot;}\" data-image-title=\"dumas\" data-image-description=\"\" data-image-caption=\"&lt;p&gt;DUMAS G.&lt;\/p&gt;\n\" data-medium-file=\"https:\/\/i0.wp.com\/arimep.org\/wp-content\/uploads\/2016\/03\/dumas.jpg?fit=211%2C300&amp;ssl=1\" data-large-file=\"https:\/\/i0.wp.com\/arimep.org\/wp-content\/uploads\/2016\/03\/dumas.jpg?fit=538%2C764&amp;ssl=1\" class=\"alignnone size-medium wp-image-320\" src=\"https:\/\/i0.wp.com\/arimep.org\/wp-content\/uploads\/2016\/03\/dumas.jpg?resize=211%2C300&#038;ssl=1\" alt=\"dumas\" width=\"211\" height=\"300\" srcset=\"https:\/\/i0.wp.com\/arimep.org\/wp-content\/uploads\/2016\/03\/dumas.jpg?resize=211%2C300&amp;ssl=1 211w, https:\/\/i0.wp.com\/arimep.org\/wp-content\/uploads\/2016\/03\/dumas.jpg?w=538&amp;ssl=1 538w\" sizes=\"auto, (max-width: 211px) 85vw, 211px\" \/><\/b><\/p>\n<p><b>Georges Dumas (1866-1946)<\/b><\/p>\n<p style=\"text-align: justify;\">Philosophe et m\u00e9decin, Georges Dumas dirigea le premier trait\u00e9 fran\u00e7ais de psychologie, qui \u00e9tait pr\u00eat \u00e0 \u00eatre publi\u00e9 en 1914 mais ne parut qu\u2019apr\u00e8s la Grande Guerre, en 1923 (1<sup>er<\/sup> volume) et 1924 (2<sup>e<\/sup> volume). Il fut suivi du <i>Nouveau trait\u00e9 de psychologie<\/i>, en 8 volumes&nbsp;; qui parurent entre 1930 et 1949<b>.<\/b><\/p>\n<p style=\"text-align: justify;\">Il n\u2019existe de pas de fonds d\u2019archives regroupant l\u2019ensemble ou la majorit\u00e9 des documents laiss\u00e9s par Georges Dumas.<\/p>\n<p style=\"text-align: justify;\">Aux Archives Nationales (site de Pierrefitte-sur-Seine)&nbsp; on trouvera quelques documents sur sa carri\u00e8re et son dossier de retraite sous les cotes suivantes :<\/p>\n<ul>\n<li style=\"text-align: justify;\">\uf0b7 Dossier individuel de Dumas \u00e0 l\u2019\u00c9cole Normale Sup\u00e9rieure (61AJ\/218)<\/li>\n<li style=\"text-align: justify;\">\uf0b7 Dossier personnel de Dumas, enseignant \u00e0 la Facult\u00e9 des Lettres de l\u2019Universit\u00e9 de Paris (AJ\/16\/5970)<\/li>\n<li style=\"text-align: justify;\">\uf0b7 Dossier d\u2019\u00e9tudiant de&nbsp; Dumas \u00e0 la Facult\u00e9 de M\u00e9decine de Paris (AJ\/16\/6877)<\/li>\n<li style=\"text-align: justify;\">\uf0b7 Dossier de retraite de Georges Dumas&nbsp;: F\/17\/24586<\/li>\n<\/ul>\n<p>\u00c0 la Biblioth\u00e8que de l\u2019Acad\u00e9mie Nationale de M\u00e9decine,<\/p>\n<ul>\n<li style=\"text-align: justify;\">\uf0b7 Le dossier biographique de Georges Dumas (en cours de classement), sera signal\u00e9 ult\u00e9rieurement dans Calames, (<a href=\"http:\/\/www.calames.abes.fr\/\">CAtalogue en Ligne des Archives et des Manuscrits de l\u2019Enseignement Sup\u00e9rieur<\/a>,). Il contient quelques documents issus de la collection de Henri Bouquet ainsi que l&rsquo;ampliation du d\u00e9cret sanctionnant son \u00e9lection \u00e0 l&rsquo;Acad\u00e9mie de m\u00e9decine.<\/li>\n<li style=\"text-align: justify;\">\uf0b7 \u00c9lection de Dumas \u00e0 l\u2019Acad\u00e9mie Nationale de M\u00e9decine. <a href=\"http:\/\/gallica.bnf.fr\/ark:\/12148\/bpt6k4087565\/f274.item.r\">Bulletin de l&rsquo;Acad\u00e9mie de m\u00e9decine, Tome XCV, 90e ann\u00e9e, s\u00e9ance du 16 mars 1926, p. 261<\/a><\/li>\n<li style=\"text-align: justify;\">\uf0b7 Hommage \u00e0 Georges Dumas, Paris, Groupement des Universit\u00e9s et Grandes Ecoles de France pour les relations avec l&rsquo;Am\u00e9rique latine, 1947, texte imprim\u00e9, cote 55078(19)<\/li>\n<\/ul>\n<p>Au&nbsp; Minist\u00e8re des Affaires \u00c9trang\u00e8res, centre des Archives diplomatiques de la Courneuve,<\/p>\n<p>3 rue Suzanne Masson, 93126 La Courneuve Cedex.<\/p>\n<ul>\n<li>\uf0b7 Missions universitaires au Br\u00e9sil. Service des \u0152uvres, 417 QO [417 QO 339 A 444].<\/li>\n<\/ul>\n<p style=\"text-align: justify;\">Le portail de recherche et de valorisation des Archives diplomatiques (ADEL, archives diplomatiques en ligne), est actuellement en cours de finalisation.<\/p>\n<p style=\"text-align: justify;\">La correspondance d\u2019Henri Pi\u00e9ron conserv\u00e9e \u00e0 la Biblioth\u00e8que Pi\u00e9ron contient&nbsp; 171 lettres&nbsp; et 2 cartes de visite adress\u00e9es par Georges Dumas \u00e0 Pi\u00e9ron, entre1902 et 1945, ainsi que 19 lettres et une carte de visite de son \u00e9pouse, Aim\u00e9e Dumas, \u00e9crites entre 1924 et 1946 (cf. fiche Henri Pi\u00e9ron).<\/p>\n<p style=\"text-align: justify;\">La Biblioth\u00e8que interuniversitaire de la Sorbonne contient \u00e9galement des lettres de Dumas&nbsp;:<\/p>\n<p>1- dans les Manuscrits de la biblioth\u00e8que Victor Cousin&nbsp;:<\/p>\n<ul>\n<li style=\"text-align: justify;\">\uf0b7 Une lettre de Dumas \u00e0 Lionel Dauriac, cote MSVC341\/F.376<\/li>\n<li style=\"text-align: justify;\">\uf0b7 Huit lettres de Dumas \u00e0 Xavier L\u00e9on, cote MSVC361\/Ff.65-75<\/li>\n<\/ul>\n<p style=\"text-align: justify;\">2- dans les Manuscrits de la biblioth\u00e8que de la Sorbonne&nbsp;: une lettre \u00e0 Gilbert Maire, cote MS2311\/F.114.<\/p>\n<p style=\"text-align: justify;\">Fiche r\u00e9alis\u00e9e par Marcia Consolim, Universidade Federal de S\u00e3o Paulo, Br\u00e9sil.<\/p>\n<p style=\"text-align: justify;\">Nous remercions Monsieur J\u00e9r\u00f4me van Wijland, conservateur, directeur de la Biblioth\u00e8que de l&rsquo;Acad\u00e9mie nationale de m\u00e9decine pour les pr\u00e9cisions qu\u2019il nous a apport\u00e9es.<\/p>\n","protected":false},"excerpt":{"rendered":"<p>Georges Dumas (1866-1946) Philosophe et m\u00e9decin, Georges Dumas dirigea le premier trait\u00e9 fran\u00e7ais de psychologie, qui \u00e9tait pr\u00eat \u00e0 \u00eatre publi\u00e9 en 1914 mais ne parut qu\u2019apr\u00e8s la Grande Guerre, en 1923 (1er volume) et 1924 (2e volume). Il fut suivi du Nouveau trait\u00e9 de psychologie, en 8 volumes&nbsp;; qui parurent entre 1930 et 1949. &hellip; <a href=\"https:\/\/arimep.org\/index.php\/2016\/03\/02\/dumas-georges\/\" class=\"more-link\">Continuer la lecture<span class=\"screen-reader-text\"> de &laquo;&nbsp;DUMAS Georges&nbsp;&raquo;<\/span><\/a><\/p>\n","protected":false},"author":1,"featured_media":0,"comment_status":"open","ping_status":"open","sticky":false,"template":"","format":"standard","meta":{"_acf_changed":false,"ngg_post_thumbnail":0,"_jetpack_newsletter_access":"","_jetpack_dont_email_post_to_subs":true,"_jetpack_newsletter_tier_id":0,"_jetpack_memberships_contains_paywalled_content":false,"_jetpack_memberships_contains_paid_content":false,"footnotes":""},"categories":[9],"tags":[],"class_list":["post-319","post","type-post","status-publish","format-standard","hentry","category-personnalites"],"acf":[],"yoast_head":"<!-- This site is optimized with the Yoast SEO plugin v27.3 - https:\/\/yoast.com\/product\/yoast-seo-wordpress\/ -->\n<title>DUMAS Georges - ARIMEP<\/title>\n<meta name=\"robots\" content=\"index, follow, max-snippet:-1, max-image-preview:large, max-video-preview:-1\" \/>\n<link rel=\"canonical\" href=\"https:\/\/arimep.org\/index.php\/2016\/03\/02\/dumas-georges\/\" \/>\n<meta property=\"og:locale\" content=\"fr_FR\" \/>\n<meta property=\"og:type\" content=\"article\" \/>\n<meta property=\"og:title\" content=\"DUMAS Georges - ARIMEP\" \/>\n<meta property=\"og:description\" content=\"Georges Dumas (1866-1946) Philosophe et m\u00e9decin, Georges Dumas dirigea le premier trait\u00e9 fran\u00e7ais de psychologie, qui \u00e9tait pr\u00eat \u00e0 \u00eatre publi\u00e9 en 1914 mais ne parut qu\u2019apr\u00e8s la Grande Guerre, en 1923 (1er volume) et 1924 (2e volume). Il fut suivi du Nouveau trait\u00e9 de psychologie, en 8 volumes&nbsp;; qui parurent entre 1930 et 1949. &hellip; Continuer la lecture de &laquo;&nbsp;DUMAS Georges&nbsp;&raquo;\" \/>\n<meta property=\"og:url\" content=\"https:\/\/arimep.org\/index.php\/2016\/03\/02\/dumas-georges\/\" \/>\n<meta property=\"og:site_name\" content=\"ARIMEP\" \/>\n<meta property=\"article:published_time\" content=\"2016-03-02T20:59:16+00:00\" \/>\n<meta property=\"article:modified_time\" content=\"2017-03-18T11:43:59+00:00\" \/>\n<meta property=\"og:image\" content=\"http:\/\/arimep.org\/wp-content\/uploads\/2016\/03\/dumas-211x300.jpg\" \/>\n<meta name=\"author\" content=\"GR\" \/>\n<meta name=\"twitter:card\" content=\"summary_large_image\" \/>\n<meta name=\"twitter:label1\" content=\"\u00c9crit par\" \/>\n\t<meta name=\"twitter:data1\" content=\"GR\" \/>\n\t<meta name=\"twitter:label2\" content=\"Dur\u00e9e de lecture estim\u00e9e\" \/>\n\t<meta name=\"twitter:data2\" content=\"2 minutes\" \/>\n<script type=\"application\/ld+json\" class=\"yoast-schema-graph\">{\"@context\":\"https:\\\/\\\/schema.org\",\"@graph\":[{\"@type\":\"Article\",\"@id\":\"https:\\\/\\\/arimep.org\\\/index.php\\\/2016\\\/03\\\/02\\\/dumas-georges\\\/#article\",\"isPartOf\":{\"@id\":\"https:\\\/\\\/arimep.org\\\/index.php\\\/2016\\\/03\\\/02\\\/dumas-georges\\\/\"},\"author\":{\"name\":\"GR\",\"@id\":\"https:\\\/\\\/arimep.org\\\/#\\\/schema\\\/person\\\/762293d1fea36d5e476de61ee3941cc5\"},\"headline\":\"DUMAS Georges\",\"datePublished\":\"2016-03-02T20:59:16+00:00\",\"dateModified\":\"2017-03-18T11:43:59+00:00\",\"mainEntityOfPage\":{\"@id\":\"https:\\\/\\\/arimep.org\\\/index.php\\\/2016\\\/03\\\/02\\\/dumas-georges\\\/\"},\"wordCount\":484,\"commentCount\":0,\"image\":{\"@id\":\"https:\\\/\\\/arimep.org\\\/index.php\\\/2016\\\/03\\\/02\\\/dumas-georges\\\/#primaryimage\"},\"thumbnailUrl\":\"http:\\\/\\\/arimep.org\\\/wp-content\\\/uploads\\\/2016\\\/03\\\/dumas-211x300.jpg\",\"articleSection\":[\"Personnalit\u00e9s\"],\"inLanguage\":\"fr-FR\",\"potentialAction\":[{\"@type\":\"CommentAction\",\"name\":\"Comment\",\"target\":[\"https:\\\/\\\/arimep.org\\\/index.php\\\/2016\\\/03\\\/02\\\/dumas-georges\\\/#respond\"]}]},{\"@type\":\"WebPage\",\"@id\":\"https:\\\/\\\/arimep.org\\\/index.php\\\/2016\\\/03\\\/02\\\/dumas-georges\\\/\",\"url\":\"https:\\\/\\\/arimep.org\\\/index.php\\\/2016\\\/03\\\/02\\\/dumas-georges\\\/\",\"name\":\"DUMAS Georges - ARIMEP\",\"isPartOf\":{\"@id\":\"https:\\\/\\\/arimep.org\\\/#website\"},\"primaryImageOfPage\":{\"@id\":\"https:\\\/\\\/arimep.org\\\/index.php\\\/2016\\\/03\\\/02\\\/dumas-georges\\\/#primaryimage\"},\"image\":{\"@id\":\"https:\\\/\\\/arimep.org\\\/index.php\\\/2016\\\/03\\\/02\\\/dumas-georges\\\/#primaryimage\"},\"thumbnailUrl\":\"http:\\\/\\\/arimep.org\\\/wp-content\\\/uploads\\\/2016\\\/03\\\/dumas-211x300.jpg\",\"datePublished\":\"2016-03-02T20:59:16+00:00\",\"dateModified\":\"2017-03-18T11:43:59+00:00\",\"author\":{\"@id\":\"https:\\\/\\\/arimep.org\\\/#\\\/schema\\\/person\\\/762293d1fea36d5e476de61ee3941cc5\"},\"breadcrumb\":{\"@id\":\"https:\\\/\\\/arimep.org\\\/index.php\\\/2016\\\/03\\\/02\\\/dumas-georges\\\/#breadcrumb\"},\"inLanguage\":\"fr-FR\",\"potentialAction\":[{\"@type\":\"ReadAction\",\"target\":[\"https:\\\/\\\/arimep.org\\\/index.php\\\/2016\\\/03\\\/02\\\/dumas-georges\\\/\"]}]},{\"@type\":\"ImageObject\",\"inLanguage\":\"fr-FR\",\"@id\":\"https:\\\/\\\/arimep.org\\\/index.php\\\/2016\\\/03\\\/02\\\/dumas-georges\\\/#primaryimage\",\"url\":\"http:\\\/\\\/arimep.org\\\/wp-content\\\/uploads\\\/2016\\\/03\\\/dumas-211x300.jpg\",\"contentUrl\":\"http:\\\/\\\/arimep.org\\\/wp-content\\\/uploads\\\/2016\\\/03\\\/dumas-211x300.jpg\"},{\"@type\":\"BreadcrumbList\",\"@id\":\"https:\\\/\\\/arimep.org\\\/index.php\\\/2016\\\/03\\\/02\\\/dumas-georges\\\/#breadcrumb\",\"itemListElement\":[{\"@type\":\"ListItem\",\"position\":1,\"name\":\"Accueil\",\"item\":\"https:\\\/\\\/arimep.org\\\/\"},{\"@type\":\"ListItem\",\"position\":2,\"name\":\"DUMAS Georges\"}]},{\"@type\":\"WebSite\",\"@id\":\"https:\\\/\\\/arimep.org\\\/#website\",\"url\":\"https:\\\/\\\/arimep.org\\\/\",\"name\":\"ARIMEP\",\"description\":\"Association pour la Recherche et l&#039;Intervention Mus\u00e9ale en Psychologie\",\"potentialAction\":[{\"@type\":\"SearchAction\",\"target\":{\"@type\":\"EntryPoint\",\"urlTemplate\":\"https:\\\/\\\/arimep.org\\\/?s={search_term_string}\"},\"query-input\":{\"@type\":\"PropertyValueSpecification\",\"valueRequired\":true,\"valueName\":\"search_term_string\"}}],\"inLanguage\":\"fr-FR\"},{\"@type\":\"Person\",\"@id\":\"https:\\\/\\\/arimep.org\\\/#\\\/schema\\\/person\\\/762293d1fea36d5e476de61ee3941cc5\",\"name\":\"GR\",\"image\":{\"@type\":\"ImageObject\",\"inLanguage\":\"fr-FR\",\"@id\":\"https:\\\/\\\/secure.gravatar.com\\\/avatar\\\/db6eb09e77f8536593c7fed5cf29e91ed6241305e87636fe0226e2c4d4eca43b?s=96&d=mm&r=g\",\"url\":\"https:\\\/\\\/secure.gravatar.com\\\/avatar\\\/db6eb09e77f8536593c7fed5cf29e91ed6241305e87636fe0226e2c4d4eca43b?s=96&d=mm&r=g\",\"contentUrl\":\"https:\\\/\\\/secure.gravatar.com\\\/avatar\\\/db6eb09e77f8536593c7fed5cf29e91ed6241305e87636fe0226e2c4d4eca43b?s=96&d=mm&r=g\",\"caption\":\"GR\"},\"url\":\"https:\\\/\\\/arimep.org\\\/index.php\\\/author\\\/admin9099\\\/\"}]}<\/script>\n<!-- \/ Yoast SEO plugin. -->","yoast_head_json":{"title":"DUMAS Georges - ARIMEP","robots":{"index":"index","follow":"follow","max-snippet":"max-snippet:-1","max-image-preview":"max-image-preview:large","max-video-preview":"max-video-preview:-1"},"canonical":"https:\/\/arimep.org\/index.php\/2016\/03\/02\/dumas-georges\/","og_locale":"fr_FR","og_type":"article","og_title":"DUMAS Georges - ARIMEP","og_description":"Georges Dumas (1866-1946) Philosophe et m\u00e9decin, Georges Dumas dirigea le premier trait\u00e9 fran\u00e7ais de psychologie, qui \u00e9tait pr\u00eat \u00e0 \u00eatre publi\u00e9 en 1914 mais ne parut qu\u2019apr\u00e8s la Grande Guerre, en 1923 (1er volume) et 1924 (2e volume). Il fut suivi du Nouveau trait\u00e9 de psychologie, en 8 volumes&nbsp;; qui parurent entre 1930 et 1949. &hellip; Continuer la lecture de &laquo;&nbsp;DUMAS Georges&nbsp;&raquo;","og_url":"https:\/\/arimep.org\/index.php\/2016\/03\/02\/dumas-georges\/","og_site_name":"ARIMEP","article_published_time":"2016-03-02T20:59:16+00:00","article_modified_time":"2017-03-18T11:43:59+00:00","og_image":[{"url":"http:\/\/arimep.org\/wp-content\/uploads\/2016\/03\/dumas-211x300.jpg","type":"","width":"","height":""}],"author":"GR","twitter_card":"summary_large_image","twitter_misc":{"\u00c9crit par":"GR","Dur\u00e9e de lecture estim\u00e9e":"2 minutes"},"schema":{"@context":"https:\/\/schema.org","@graph":[{"@type":"Article","@id":"https:\/\/arimep.org\/index.php\/2016\/03\/02\/dumas-georges\/#article","isPartOf":{"@id":"https:\/\/arimep.org\/index.php\/2016\/03\/02\/dumas-georges\/"},"author":{"name":"GR","@id":"https:\/\/arimep.org\/#\/schema\/person\/762293d1fea36d5e476de61ee3941cc5"},"headline":"DUMAS Georges","datePublished":"2016-03-02T20:59:16+00:00","dateModified":"2017-03-18T11:43:59+00:00","mainEntityOfPage":{"@id":"https:\/\/arimep.org\/index.php\/2016\/03\/02\/dumas-georges\/"},"wordCount":484,"commentCount":0,"image":{"@id":"https:\/\/arimep.org\/index.php\/2016\/03\/02\/dumas-georges\/#primaryimage"},"thumbnailUrl":"http:\/\/arimep.org\/wp-content\/uploads\/2016\/03\/dumas-211x300.jpg","articleSection":["Personnalit\u00e9s"],"inLanguage":"fr-FR","potentialAction":[{"@type":"CommentAction","name":"Comment","target":["https:\/\/arimep.org\/index.php\/2016\/03\/02\/dumas-georges\/#respond"]}]},{"@type":"WebPage","@id":"https:\/\/arimep.org\/index.php\/2016\/03\/02\/dumas-georges\/","url":"https:\/\/arimep.org\/index.php\/2016\/03\/02\/dumas-georges\/","name":"DUMAS Georges - ARIMEP","isPartOf":{"@id":"https:\/\/arimep.org\/#website"},"primaryImageOfPage":{"@id":"https:\/\/arimep.org\/index.php\/2016\/03\/02\/dumas-georges\/#primaryimage"},"image":{"@id":"https:\/\/arimep.org\/index.php\/2016\/03\/02\/dumas-georges\/#primaryimage"},"thumbnailUrl":"http:\/\/arimep.org\/wp-content\/uploads\/2016\/03\/dumas-211x300.jpg","datePublished":"2016-03-02T20:59:16+00:00","dateModified":"2017-03-18T11:43:59+00:00","author":{"@id":"https:\/\/arimep.org\/#\/schema\/person\/762293d1fea36d5e476de61ee3941cc5"},"breadcrumb":{"@id":"https:\/\/arimep.org\/index.php\/2016\/03\/02\/dumas-georges\/#breadcrumb"},"inLanguage":"fr-FR","potentialAction":[{"@type":"ReadAction","target":["https:\/\/arimep.org\/index.php\/2016\/03\/02\/dumas-georges\/"]}]},{"@type":"ImageObject","inLanguage":"fr-FR","@id":"https:\/\/arimep.org\/index.php\/2016\/03\/02\/dumas-georges\/#primaryimage","url":"http:\/\/arimep.org\/wp-content\/uploads\/2016\/03\/dumas-211x300.jpg","contentUrl":"http:\/\/arimep.org\/wp-content\/uploads\/2016\/03\/dumas-211x300.jpg"},{"@type":"BreadcrumbList","@id":"https:\/\/arimep.org\/index.php\/2016\/03\/02\/dumas-georges\/#breadcrumb","itemListElement":[{"@type":"ListItem","position":1,"name":"Accueil","item":"https:\/\/arimep.org\/"},{"@type":"ListItem","position":2,"name":"DUMAS Georges"}]},{"@type":"WebSite","@id":"https:\/\/arimep.org\/#website","url":"https:\/\/arimep.org\/","name":"ARIMEP","description":"Association pour la Recherche et l&#039;Intervention Mus\u00e9ale en Psychologie","potentialAction":[{"@type":"SearchAction","target":{"@type":"EntryPoint","urlTemplate":"https:\/\/arimep.org\/?s={search_term_string}"},"query-input":{"@type":"PropertyValueSpecification","valueRequired":true,"valueName":"search_term_string"}}],"inLanguage":"fr-FR"},{"@type":"Person","@id":"https:\/\/arimep.org\/#\/schema\/person\/762293d1fea36d5e476de61ee3941cc5","name":"GR","image":{"@type":"ImageObject","inLanguage":"fr-FR","@id":"https:\/\/secure.gravatar.com\/avatar\/db6eb09e77f8536593c7fed5cf29e91ed6241305e87636fe0226e2c4d4eca43b?s=96&d=mm&r=g","url":"https:\/\/secure.gravatar.com\/avatar\/db6eb09e77f8536593c7fed5cf29e91ed6241305e87636fe0226e2c4d4eca43b?s=96&d=mm&r=g","contentUrl":"https:\/\/secure.gravatar.com\/avatar\/db6eb09e77f8536593c7fed5cf29e91ed6241305e87636fe0226e2c4d4eca43b?s=96&d=mm&r=g","caption":"GR"},"url":"https:\/\/arimep.org\/index.php\/author\/admin9099\/"}]}},"jetpack_featured_media_url":"","jetpack_sharing_enabled":true,"jetpack_shortlink":"https:\/\/wp.me\/p77Fnr-59","jetpack-related-posts":[],"_links":{"self":[{"href":"https:\/\/arimep.org\/index.php\/wp-json\/wp\/v2\/posts\/319","targetHints":{"allow":["GET"]}}],"collection":[{"href":"https:\/\/arimep.org\/index.php\/wp-json\/wp\/v2\/posts"}],"about":[{"href":"https:\/\/arimep.org\/index.php\/wp-json\/wp\/v2\/types\/post"}],"author":[{"embeddable":true,"href":"https:\/\/arimep.org\/index.php\/wp-json\/wp\/v2\/users\/1"}],"replies":[{"embeddable":true,"href":"https:\/\/arimep.org\/index.php\/wp-json\/wp\/v2\/comments?post=319"}],"version-history":[{"count":3,"href":"https:\/\/arimep.org\/index.php\/wp-json\/wp\/v2\/posts\/319\/revisions"}],"predecessor-version":[{"id":1169,"href":"https:\/\/arimep.org\/index.php\/wp-json\/wp\/v2\/posts\/319\/revisions\/1169"}],"wp:attachment":[{"href":"https:\/\/arimep.org\/index.php\/wp-json\/wp\/v2\/media?parent=319"}],"wp:term":[{"taxonomy":"category","embeddable":true,"href":"https:\/\/arimep.org\/index.php\/wp-json\/wp\/v2\/categories?post=319"},{"taxonomy":"post_tag","embeddable":true,"href":"https:\/\/arimep.org\/index.php\/wp-json\/wp\/v2\/tags?post=319"}],"curies":[{"name":"wp","href":"https:\/\/api.w.org\/{rel}","templated":true}]}}