{"id":276,"date":"2016-02-25T21:09:35","date_gmt":"2016-02-25T20:09:35","guid":{"rendered":"http:\/\/arimep.org\/?p=276"},"modified":"2016-03-02T22:28:14","modified_gmt":"2016-03-02T21:28:14","slug":"halbwachs-maurice","status":"publish","type":"post","link":"https:\/\/arimep.org\/index.php\/2016\/02\/25\/halbwachs-maurice\/","title":{"rendered":"HALBWACHS Maurice"},"content":{"rendered":"<p><img data-recalc-dims=\"1\" loading=\"lazy\" decoding=\"async\" data-attachment-id=\"277\" data-permalink=\"https:\/\/arimep.org\/index.php\/2016\/02\/25\/halbwachs-maurice\/halbwachs\/\" data-orig-file=\"https:\/\/i0.wp.com\/arimep.org\/wp-content\/uploads\/2016\/02\/Halbwachs.jpg?fit=290%2C356&amp;ssl=1\" data-orig-size=\"290,356\" data-comments-opened=\"1\" data-image-meta=\"{&quot;aperture&quot;:&quot;0&quot;,&quot;credit&quot;:&quot;&quot;,&quot;camera&quot;:&quot;&quot;,&quot;caption&quot;:&quot;&quot;,&quot;created_timestamp&quot;:&quot;0&quot;,&quot;copyright&quot;:&quot;&quot;,&quot;focal_length&quot;:&quot;0&quot;,&quot;iso&quot;:&quot;0&quot;,&quot;shutter_speed&quot;:&quot;0&quot;,&quot;title&quot;:&quot;&quot;,&quot;orientation&quot;:&quot;1&quot;}\" data-image-title=\"Halbwachs\" data-image-description=\"\" data-image-caption=\"&lt;p&gt;HALBWACHS M.&lt;\/p&gt;\n\" data-medium-file=\"https:\/\/i0.wp.com\/arimep.org\/wp-content\/uploads\/2016\/02\/Halbwachs.jpg?fit=244%2C300&amp;ssl=1\" data-large-file=\"https:\/\/i0.wp.com\/arimep.org\/wp-content\/uploads\/2016\/02\/Halbwachs.jpg?fit=290%2C356&amp;ssl=1\" class=\"alignnone size-medium wp-image-277\" src=\"https:\/\/i0.wp.com\/arimep.org\/wp-content\/uploads\/2016\/02\/Halbwachs.jpg?resize=244%2C300&#038;ssl=1\" alt=\"Halbwachs\" width=\"244\" height=\"300\" srcset=\"https:\/\/i0.wp.com\/arimep.org\/wp-content\/uploads\/2016\/02\/Halbwachs.jpg?resize=244%2C300&amp;ssl=1 244w, https:\/\/i0.wp.com\/arimep.org\/wp-content\/uploads\/2016\/02\/Halbwachs.jpg?w=290&amp;ssl=1 290w\" sizes=\"auto, (max-width: 244px) 85vw, 244px\" \/><\/p>\n<p>Maurice Halbwachs (1877-1945)<\/p>\n<p style=\"text-align: justify;\">Si Maurice Halbwachs est g\u00e9n\u00e9ralement pr\u00e9sent\u00e9 comme un sociologue, il appartient aussi \u00e0 l\u2019histoire de la psychologie\u00a0: auteur en 1925 d\u2019un ouvrage remarqu\u00e9, <i>Les Cadres sociaux de la m\u00e9moire, <\/i>il obtient en 1944 une chaire de <i>Psychologie collective <\/i>au Coll\u00e8ge de France, avec l\u2019appui d\u2019Henri Pi\u00e9ron, son ami d\u2019enfance. Il n\u2019occupera pas cette chaire puisqu\u2019il est arr\u00eat\u00e9 et d\u00e9port\u00e9 la m\u00eame ann\u00e9e \u00e0 Buchenwald, o\u00f9 il meurt.<\/p>\n<p style=\"text-align: justify;\">Les archives de Maurice Halbwachs se trouvent \u00e0 l\u2019IMEC (Institut M\u00e9moires de l\u2019\u00e9dition contemporaine), Abbaye d\u2019Ardenne, 14280 Saint-Germain-la-Blanche-Herbe, pr\u00e8s de Caen. Le fonds comprend 6 cartons et 25 imprim\u00e9s, cote HBW et regroupe des documents produits entre 1892 et 1987. Une <a href=\"http:\/\/www.imec-archives.com\/fonds\/halbwachs-maurice\/\">notice historique\/biographique et une tr\u00e8s br\u00e8ve pr\u00e9sentation du fonds<\/a> et de ses conditions de consultation.<\/p>\n<p style=\"text-align: justify;\">Le <a href=\"https:\/\/salamandre.college-de-france.fr\">dossier personnel de Maurice Halbwachs<\/a> au Coll\u00e8ge de France est archiv\u00e9 sous la cote 16CDF182, carton 21.<\/p>\n<p>&nbsp;<\/p>\n<p style=\"text-align: justify;\">\u00a0La correspondance d\u2019Henri Pi\u00e9ron conserv\u00e9e \u00e0 la Biblioth\u00e8que Pi\u00e9ron contient 38 lettres adress\u00e9es par Halbwachs \u00e0 Pi\u00e9ron entre 1910 et 1943 ainsi que la copie d\u2019une lettre adress\u00e9e \u00e0 quelqu\u2019un d\u2019\u2019autre et un brouillon manuscrit d\u2019Halbwachs. Ce fonds contient \u00e9galement quelques lettres de ses proches (Cf. <a href=\"https:\/\/arimep.org\/index.php\/archives-des-psychologues\/pieron-henri\/\">fiche Henri Pi\u00e9ron<\/a>)<\/p>\n<p style=\"text-align: justify;\">Fiche r\u00e9dig\u00e9e par R\u00e9gine PLAS<\/p>\n","protected":false},"excerpt":{"rendered":"<p>Maurice Halbwachs (1877-1945) Si Maurice Halbwachs est g\u00e9n\u00e9ralement pr\u00e9sent\u00e9 comme un sociologue, il appartient aussi \u00e0 l\u2019histoire de la psychologie\u00a0: auteur en 1925 d\u2019un ouvrage remarqu\u00e9, Les Cadres sociaux de la m\u00e9moire, il obtient en 1944 une chaire de Psychologie collective au Coll\u00e8ge de France, avec l\u2019appui d\u2019Henri Pi\u00e9ron, son ami d\u2019enfance. Il n\u2019occupera pas &hellip; <a href=\"https:\/\/arimep.org\/index.php\/2016\/02\/25\/halbwachs-maurice\/\" class=\"more-link\">Continuer la lecture<span class=\"screen-reader-text\"> de &laquo;&nbsp;HALBWACHS Maurice&nbsp;&raquo;<\/span><\/a><\/p>\n","protected":false},"author":1,"featured_media":0,"comment_status":"open","ping_status":"open","sticky":false,"template":"","format":"standard","meta":{"_acf_changed":false,"ngg_post_thumbnail":0,"_jetpack_newsletter_access":"","_jetpack_dont_email_post_to_subs":false,"_jetpack_newsletter_tier_id":0,"_jetpack_memberships_contains_paywalled_content":false,"_jetpack_memberships_contains_paid_content":false,"footnotes":""},"categories":[9],"tags":[],"class_list":["post-276","post","type-post","status-publish","format-standard","hentry","category-personnalites"],"acf":[],"yoast_head":"<!-- This site is optimized with the Yoast SEO plugin v27.3 - https:\/\/yoast.com\/product\/yoast-seo-wordpress\/ -->\n<title>HALBWACHS Maurice - ARIMEP<\/title>\n<meta name=\"robots\" content=\"index, follow, max-snippet:-1, max-image-preview:large, max-video-preview:-1\" \/>\n<link rel=\"canonical\" href=\"https:\/\/arimep.org\/index.php\/2016\/02\/25\/halbwachs-maurice\/\" \/>\n<meta property=\"og:locale\" content=\"fr_FR\" \/>\n<meta property=\"og:type\" content=\"article\" \/>\n<meta property=\"og:title\" content=\"HALBWACHS Maurice - ARIMEP\" \/>\n<meta property=\"og:description\" content=\"Maurice Halbwachs (1877-1945) Si Maurice Halbwachs est g\u00e9n\u00e9ralement pr\u00e9sent\u00e9 comme un sociologue, il appartient aussi \u00e0 l\u2019histoire de la psychologie\u00a0: auteur en 1925 d\u2019un ouvrage remarqu\u00e9, Les Cadres sociaux de la m\u00e9moire, il obtient en 1944 une chaire de Psychologie collective au Coll\u00e8ge de France, avec l\u2019appui d\u2019Henri Pi\u00e9ron, son ami d\u2019enfance. Il n\u2019occupera pas &hellip; Continuer la lecture de &laquo;&nbsp;HALBWACHS Maurice&nbsp;&raquo;\" \/>\n<meta property=\"og:url\" content=\"https:\/\/arimep.org\/index.php\/2016\/02\/25\/halbwachs-maurice\/\" \/>\n<meta property=\"og:site_name\" content=\"ARIMEP\" \/>\n<meta property=\"article:published_time\" content=\"2016-02-25T20:09:35+00:00\" \/>\n<meta property=\"article:modified_time\" content=\"2016-03-02T21:28:14+00:00\" \/>\n<meta property=\"og:image\" content=\"http:\/\/arimep.org\/wp-content\/uploads\/2016\/02\/Halbwachs-244x300.jpg\" \/>\n<meta name=\"author\" content=\"GR\" \/>\n<meta name=\"twitter:card\" content=\"summary_large_image\" \/>\n<meta name=\"twitter:label1\" content=\"\u00c9crit par\" \/>\n\t<meta name=\"twitter:data1\" content=\"GR\" \/>\n\t<meta name=\"twitter:label2\" content=\"Dur\u00e9e de lecture estim\u00e9e\" \/>\n\t<meta name=\"twitter:data2\" content=\"1 minute\" \/>\n<script type=\"application\/ld+json\" class=\"yoast-schema-graph\">{\"@context\":\"https:\\\/\\\/schema.org\",\"@graph\":[{\"@type\":\"Article\",\"@id\":\"https:\\\/\\\/arimep.org\\\/index.php\\\/2016\\\/02\\\/25\\\/halbwachs-maurice\\\/#article\",\"isPartOf\":{\"@id\":\"https:\\\/\\\/arimep.org\\\/index.php\\\/2016\\\/02\\\/25\\\/halbwachs-maurice\\\/\"},\"author\":{\"name\":\"GR\",\"@id\":\"https:\\\/\\\/arimep.org\\\/#\\\/schema\\\/person\\\/762293d1fea36d5e476de61ee3941cc5\"},\"headline\":\"HALBWACHS Maurice\",\"datePublished\":\"2016-02-25T20:09:35+00:00\",\"dateModified\":\"2016-03-02T21:28:14+00:00\",\"mainEntityOfPage\":{\"@id\":\"https:\\\/\\\/arimep.org\\\/index.php\\\/2016\\\/02\\\/25\\\/halbwachs-maurice\\\/\"},\"wordCount\":228,\"commentCount\":0,\"image\":{\"@id\":\"https:\\\/\\\/arimep.org\\\/index.php\\\/2016\\\/02\\\/25\\\/halbwachs-maurice\\\/#primaryimage\"},\"thumbnailUrl\":\"http:\\\/\\\/arimep.org\\\/wp-content\\\/uploads\\\/2016\\\/02\\\/Halbwachs-244x300.jpg\",\"articleSection\":[\"Personnalit\u00e9s\"],\"inLanguage\":\"fr-FR\",\"potentialAction\":[{\"@type\":\"CommentAction\",\"name\":\"Comment\",\"target\":[\"https:\\\/\\\/arimep.org\\\/index.php\\\/2016\\\/02\\\/25\\\/halbwachs-maurice\\\/#respond\"]}]},{\"@type\":\"WebPage\",\"@id\":\"https:\\\/\\\/arimep.org\\\/index.php\\\/2016\\\/02\\\/25\\\/halbwachs-maurice\\\/\",\"url\":\"https:\\\/\\\/arimep.org\\\/index.php\\\/2016\\\/02\\\/25\\\/halbwachs-maurice\\\/\",\"name\":\"HALBWACHS Maurice - ARIMEP\",\"isPartOf\":{\"@id\":\"https:\\\/\\\/arimep.org\\\/#website\"},\"primaryImageOfPage\":{\"@id\":\"https:\\\/\\\/arimep.org\\\/index.php\\\/2016\\\/02\\\/25\\\/halbwachs-maurice\\\/#primaryimage\"},\"image\":{\"@id\":\"https:\\\/\\\/arimep.org\\\/index.php\\\/2016\\\/02\\\/25\\\/halbwachs-maurice\\\/#primaryimage\"},\"thumbnailUrl\":\"http:\\\/\\\/arimep.org\\\/wp-content\\\/uploads\\\/2016\\\/02\\\/Halbwachs-244x300.jpg\",\"datePublished\":\"2016-02-25T20:09:35+00:00\",\"dateModified\":\"2016-03-02T21:28:14+00:00\",\"author\":{\"@id\":\"https:\\\/\\\/arimep.org\\\/#\\\/schema\\\/person\\\/762293d1fea36d5e476de61ee3941cc5\"},\"breadcrumb\":{\"@id\":\"https:\\\/\\\/arimep.org\\\/index.php\\\/2016\\\/02\\\/25\\\/halbwachs-maurice\\\/#breadcrumb\"},\"inLanguage\":\"fr-FR\",\"potentialAction\":[{\"@type\":\"ReadAction\",\"target\":[\"https:\\\/\\\/arimep.org\\\/index.php\\\/2016\\\/02\\\/25\\\/halbwachs-maurice\\\/\"]}]},{\"@type\":\"ImageObject\",\"inLanguage\":\"fr-FR\",\"@id\":\"https:\\\/\\\/arimep.org\\\/index.php\\\/2016\\\/02\\\/25\\\/halbwachs-maurice\\\/#primaryimage\",\"url\":\"http:\\\/\\\/arimep.org\\\/wp-content\\\/uploads\\\/2016\\\/02\\\/Halbwachs-244x300.jpg\",\"contentUrl\":\"http:\\\/\\\/arimep.org\\\/wp-content\\\/uploads\\\/2016\\\/02\\\/Halbwachs-244x300.jpg\"},{\"@type\":\"BreadcrumbList\",\"@id\":\"https:\\\/\\\/arimep.org\\\/index.php\\\/2016\\\/02\\\/25\\\/halbwachs-maurice\\\/#breadcrumb\",\"itemListElement\":[{\"@type\":\"ListItem\",\"position\":1,\"name\":\"Accueil\",\"item\":\"https:\\\/\\\/arimep.org\\\/\"},{\"@type\":\"ListItem\",\"position\":2,\"name\":\"HALBWACHS Maurice\"}]},{\"@type\":\"WebSite\",\"@id\":\"https:\\\/\\\/arimep.org\\\/#website\",\"url\":\"https:\\\/\\\/arimep.org\\\/\",\"name\":\"ARIMEP\",\"description\":\"Association pour la Recherche et l&#039;Intervention Mus\u00e9ale en Psychologie\",\"potentialAction\":[{\"@type\":\"SearchAction\",\"target\":{\"@type\":\"EntryPoint\",\"urlTemplate\":\"https:\\\/\\\/arimep.org\\\/?s={search_term_string}\"},\"query-input\":{\"@type\":\"PropertyValueSpecification\",\"valueRequired\":true,\"valueName\":\"search_term_string\"}}],\"inLanguage\":\"fr-FR\"},{\"@type\":\"Person\",\"@id\":\"https:\\\/\\\/arimep.org\\\/#\\\/schema\\\/person\\\/762293d1fea36d5e476de61ee3941cc5\",\"name\":\"GR\",\"image\":{\"@type\":\"ImageObject\",\"inLanguage\":\"fr-FR\",\"@id\":\"https:\\\/\\\/secure.gravatar.com\\\/avatar\\\/db6eb09e77f8536593c7fed5cf29e91ed6241305e87636fe0226e2c4d4eca43b?s=96&d=mm&r=g\",\"url\":\"https:\\\/\\\/secure.gravatar.com\\\/avatar\\\/db6eb09e77f8536593c7fed5cf29e91ed6241305e87636fe0226e2c4d4eca43b?s=96&d=mm&r=g\",\"contentUrl\":\"https:\\\/\\\/secure.gravatar.com\\\/avatar\\\/db6eb09e77f8536593c7fed5cf29e91ed6241305e87636fe0226e2c4d4eca43b?s=96&d=mm&r=g\",\"caption\":\"GR\"},\"url\":\"https:\\\/\\\/arimep.org\\\/index.php\\\/author\\\/admin9099\\\/\"}]}<\/script>\n<!-- \/ Yoast SEO plugin. -->","yoast_head_json":{"title":"HALBWACHS Maurice - ARIMEP","robots":{"index":"index","follow":"follow","max-snippet":"max-snippet:-1","max-image-preview":"max-image-preview:large","max-video-preview":"max-video-preview:-1"},"canonical":"https:\/\/arimep.org\/index.php\/2016\/02\/25\/halbwachs-maurice\/","og_locale":"fr_FR","og_type":"article","og_title":"HALBWACHS Maurice - ARIMEP","og_description":"Maurice Halbwachs (1877-1945) Si Maurice Halbwachs est g\u00e9n\u00e9ralement pr\u00e9sent\u00e9 comme un sociologue, il appartient aussi \u00e0 l\u2019histoire de la psychologie\u00a0: auteur en 1925 d\u2019un ouvrage remarqu\u00e9, Les Cadres sociaux de la m\u00e9moire, il obtient en 1944 une chaire de Psychologie collective au Coll\u00e8ge de France, avec l\u2019appui d\u2019Henri Pi\u00e9ron, son ami d\u2019enfance. Il n\u2019occupera pas &hellip; Continuer la lecture de &laquo;&nbsp;HALBWACHS Maurice&nbsp;&raquo;","og_url":"https:\/\/arimep.org\/index.php\/2016\/02\/25\/halbwachs-maurice\/","og_site_name":"ARIMEP","article_published_time":"2016-02-25T20:09:35+00:00","article_modified_time":"2016-03-02T21:28:14+00:00","og_image":[{"url":"http:\/\/arimep.org\/wp-content\/uploads\/2016\/02\/Halbwachs-244x300.jpg","type":"","width":"","height":""}],"author":"GR","twitter_card":"summary_large_image","twitter_misc":{"\u00c9crit par":"GR","Dur\u00e9e de lecture estim\u00e9e":"1 minute"},"schema":{"@context":"https:\/\/schema.org","@graph":[{"@type":"Article","@id":"https:\/\/arimep.org\/index.php\/2016\/02\/25\/halbwachs-maurice\/#article","isPartOf":{"@id":"https:\/\/arimep.org\/index.php\/2016\/02\/25\/halbwachs-maurice\/"},"author":{"name":"GR","@id":"https:\/\/arimep.org\/#\/schema\/person\/762293d1fea36d5e476de61ee3941cc5"},"headline":"HALBWACHS Maurice","datePublished":"2016-02-25T20:09:35+00:00","dateModified":"2016-03-02T21:28:14+00:00","mainEntityOfPage":{"@id":"https:\/\/arimep.org\/index.php\/2016\/02\/25\/halbwachs-maurice\/"},"wordCount":228,"commentCount":0,"image":{"@id":"https:\/\/arimep.org\/index.php\/2016\/02\/25\/halbwachs-maurice\/#primaryimage"},"thumbnailUrl":"http:\/\/arimep.org\/wp-content\/uploads\/2016\/02\/Halbwachs-244x300.jpg","articleSection":["Personnalit\u00e9s"],"inLanguage":"fr-FR","potentialAction":[{"@type":"CommentAction","name":"Comment","target":["https:\/\/arimep.org\/index.php\/2016\/02\/25\/halbwachs-maurice\/#respond"]}]},{"@type":"WebPage","@id":"https:\/\/arimep.org\/index.php\/2016\/02\/25\/halbwachs-maurice\/","url":"https:\/\/arimep.org\/index.php\/2016\/02\/25\/halbwachs-maurice\/","name":"HALBWACHS Maurice - ARIMEP","isPartOf":{"@id":"https:\/\/arimep.org\/#website"},"primaryImageOfPage":{"@id":"https:\/\/arimep.org\/index.php\/2016\/02\/25\/halbwachs-maurice\/#primaryimage"},"image":{"@id":"https:\/\/arimep.org\/index.php\/2016\/02\/25\/halbwachs-maurice\/#primaryimage"},"thumbnailUrl":"http:\/\/arimep.org\/wp-content\/uploads\/2016\/02\/Halbwachs-244x300.jpg","datePublished":"2016-02-25T20:09:35+00:00","dateModified":"2016-03-02T21:28:14+00:00","author":{"@id":"https:\/\/arimep.org\/#\/schema\/person\/762293d1fea36d5e476de61ee3941cc5"},"breadcrumb":{"@id":"https:\/\/arimep.org\/index.php\/2016\/02\/25\/halbwachs-maurice\/#breadcrumb"},"inLanguage":"fr-FR","potentialAction":[{"@type":"ReadAction","target":["https:\/\/arimep.org\/index.php\/2016\/02\/25\/halbwachs-maurice\/"]}]},{"@type":"ImageObject","inLanguage":"fr-FR","@id":"https:\/\/arimep.org\/index.php\/2016\/02\/25\/halbwachs-maurice\/#primaryimage","url":"http:\/\/arimep.org\/wp-content\/uploads\/2016\/02\/Halbwachs-244x300.jpg","contentUrl":"http:\/\/arimep.org\/wp-content\/uploads\/2016\/02\/Halbwachs-244x300.jpg"},{"@type":"BreadcrumbList","@id":"https:\/\/arimep.org\/index.php\/2016\/02\/25\/halbwachs-maurice\/#breadcrumb","itemListElement":[{"@type":"ListItem","position":1,"name":"Accueil","item":"https:\/\/arimep.org\/"},{"@type":"ListItem","position":2,"name":"HALBWACHS Maurice"}]},{"@type":"WebSite","@id":"https:\/\/arimep.org\/#website","url":"https:\/\/arimep.org\/","name":"ARIMEP","description":"Association pour la Recherche et l&#039;Intervention Mus\u00e9ale en Psychologie","potentialAction":[{"@type":"SearchAction","target":{"@type":"EntryPoint","urlTemplate":"https:\/\/arimep.org\/?s={search_term_string}"},"query-input":{"@type":"PropertyValueSpecification","valueRequired":true,"valueName":"search_term_string"}}],"inLanguage":"fr-FR"},{"@type":"Person","@id":"https:\/\/arimep.org\/#\/schema\/person\/762293d1fea36d5e476de61ee3941cc5","name":"GR","image":{"@type":"ImageObject","inLanguage":"fr-FR","@id":"https:\/\/secure.gravatar.com\/avatar\/db6eb09e77f8536593c7fed5cf29e91ed6241305e87636fe0226e2c4d4eca43b?s=96&d=mm&r=g","url":"https:\/\/secure.gravatar.com\/avatar\/db6eb09e77f8536593c7fed5cf29e91ed6241305e87636fe0226e2c4d4eca43b?s=96&d=mm&r=g","contentUrl":"https:\/\/secure.gravatar.com\/avatar\/db6eb09e77f8536593c7fed5cf29e91ed6241305e87636fe0226e2c4d4eca43b?s=96&d=mm&r=g","caption":"GR"},"url":"https:\/\/arimep.org\/index.php\/author\/admin9099\/"}]}},"jetpack_featured_media_url":"","jetpack_sharing_enabled":true,"jetpack_shortlink":"https:\/\/wp.me\/p77Fnr-4s","jetpack-related-posts":[],"_links":{"self":[{"href":"https:\/\/arimep.org\/index.php\/wp-json\/wp\/v2\/posts\/276","targetHints":{"allow":["GET"]}}],"collection":[{"href":"https:\/\/arimep.org\/index.php\/wp-json\/wp\/v2\/posts"}],"about":[{"href":"https:\/\/arimep.org\/index.php\/wp-json\/wp\/v2\/types\/post"}],"author":[{"embeddable":true,"href":"https:\/\/arimep.org\/index.php\/wp-json\/wp\/v2\/users\/1"}],"replies":[{"embeddable":true,"href":"https:\/\/arimep.org\/index.php\/wp-json\/wp\/v2\/comments?post=276"}],"version-history":[{"count":4,"href":"https:\/\/arimep.org\/index.php\/wp-json\/wp\/v2\/posts\/276\/revisions"}],"predecessor-version":[{"id":337,"href":"https:\/\/arimep.org\/index.php\/wp-json\/wp\/v2\/posts\/276\/revisions\/337"}],"wp:attachment":[{"href":"https:\/\/arimep.org\/index.php\/wp-json\/wp\/v2\/media?parent=276"}],"wp:term":[{"taxonomy":"category","embeddable":true,"href":"https:\/\/arimep.org\/index.php\/wp-json\/wp\/v2\/categories?post=276"},{"taxonomy":"post_tag","embeddable":true,"href":"https:\/\/arimep.org\/index.php\/wp-json\/wp\/v2\/tags?post=276"}],"curies":[{"name":"wp","href":"https:\/\/api.w.org\/{rel}","templated":true}]}}